{"id":2346,"date":"2014-04-11T15:11:16","date_gmt":"2014-04-11T13:11:16","guid":{"rendered":"http:\/\/www.jeunes-urbanistes.fr\/?p=2346"},"modified":"2017-11-10T18:49:15","modified_gmt":"2017-11-10T16:49:15","slug":"linsertion-professionnelle-des-urbanistes-rencontre-cnju-strasbourg-17-avril-2014","status":"publish","type":"post","link":"http:\/\/www.jeunes-urbanistes.fr\/?p=2346","title":{"rendered":"L\u2019insertion professionnelle des urbanistes. Rencontre CNJU, Strasbourg, 17 avril 2014"},"content":{"rendered":"<p><a href=\"http:\/\/www.jeunes-urbanistes.fr\/wp-content\/uploads\/2014\/04\/Affiche_rencontre_CNJU_2014_web.jpg\"><img loading=\"lazy\" decoding=\"async\" class=\"aligncenter size-full wp-image-2369\" src=\"http:\/\/www.jeunes-urbanistes.fr\/wp-content\/uploads\/2014\/04\/Affiche_rencontre_CNJU_2014_web.jpg\" alt=\"Affiche_rencontre_CNJU_2014_web\" width=\"1024\" height=\"694\" srcset=\"http:\/\/www.jeunes-urbanistes.fr\/wp-content\/uploads\/2014\/04\/Affiche_rencontre_CNJU_2014_web.jpg 1024w, http:\/\/www.jeunes-urbanistes.fr\/wp-content\/uploads\/2014\/04\/Affiche_rencontre_CNJU_2014_web-300x203.jpg 300w\" sizes=\"(max-width: 1024px) 100vw, 1024px\" \/><\/a><\/p>\n<p>Le CNJU organise \u00e0 Strasbourg, avec l\u2019appui d\u2019As\u00e9au (Association Strasbourgeoise des \u00e9tudiants en Am\u00e9nagement et Urbanisme), une rencontre le 17 avril 2014 sur le th\u00e8me de <em><strong>\u00ab\u00a0L\u2019insertion professionnelle des urbanistes \u00a0: orientation, formations et mise en r\u00e9seau des dipl\u00f4m\u00e9s\u00a0\u00bb.<\/strong><\/em><\/p>\n<p>Cet \u00e9v\u00e9nement marque le coup d&rsquo;envoi du Tour de France de l&rsquo;insertion professionnelle des urbanistes organis\u00e9 par le CNJU en 2014 (voir ci-apr\u00e8s le lien vers l&rsquo;agenda des rencontres).<\/p>\n<p>Accueillie \u00e0 l\u2019Universit\u00e9 de Strasbourg de 14h \u00e0 17h, cette rencontre fera dialoguer urbanistes professionnels et enseignants-chercheurs en urbanisme et am\u00e9nagement du territoire.<\/p>\n<p>Le d\u00e9bat sera particuli\u00e8rement nourri par la pr\u00e9sentation des r\u00e9sultats de la deuxi\u00e8me enqu\u00eate nationale sur l\u2019insertion professionnelle des urbanistes dipl\u00f4m\u00e9s, r\u00e9alis\u00e9e par le CNJU en 2012.<\/p>\n<p><strong>Avec<\/strong>\u00a0:<\/p>\n<p><strong>Fran\u00e7ois Favard<\/strong>, pr\u00e9sident du CNJU<\/p>\n<p><strong>Pierre Lavergne<\/strong>, secr\u00e9taire g\u00e9n\u00e9ral de l\u2019agence d\u2019urbanisme et de d\u00e9veloppement du Pays de Montb\u00e9liard, membre du syndicat des nouveaux urbanistes (SNU)<\/p>\n<p><strong>Sylvain Peltier<\/strong>, urbaniste, charg\u00e9 de mission urbanisme et habitat \u00e0 la communaut\u00e9 urbaine du Grand Nancy, membre du CNJU<\/p>\n<p><strong>Dominique Badariotti<\/strong>, Professeur des Universit\u00e9s, responsable du Master Urbanisme et Am\u00e9nagement, Institut de G\u00e9o-am\u00e9nagement et d&rsquo;Urbanisme de l&rsquo;Universit\u00e9 de Strasbourg<\/p>\n<p>Un urbaniste de la communaut\u00e9 urbaine de Strasbourg <em>(sous r\u00e9serve)<\/em><\/p>\n<p><em>Animation\u00a0: Olivier Cr\u00e9pin, d\u00e9l\u00e9gu\u00e9 g\u00e9n\u00e9ral du CNJU<\/em><\/p>\n<p style=\"text-align: center;\"><strong>PROGRAMME<\/strong><\/p>\n<p>13h45 \/ Accueil des participants<\/p>\n<p>14h \/ Mot d\u2019accueil par Dominique Badariotti, responsable du Master Urbanisme et Am\u00e9nagement de l&rsquo;Institut de G\u00e9o-am\u00e9nagement et d&rsquo;Urbanisme de l&rsquo;Universit\u00e9 de Strasbourg<\/p>\n<p>14h10 \/ L&rsquo;insertion professionnelle des jeunes urbanistes : retour d&rsquo;enqu\u00eates<span style=\"font-size: 13px;\">\u00a0<\/span><\/p>\n<p>15h00 \/ Apr\u00e8s le vote de la loi Fioraso, quelle reformulation de l\u2019offre de formation en urbanisme\u00a0?<\/p>\n<p><span style=\"font-size: 13px;\">15h45 \/ Annuaires de dipl\u00f4m\u00e9s, r\u00e9seaux d\u2019anciens \u00e9l\u00e8ves, bureaux stages\/emploi universitaires : mobiliser les outils pour l&rsquo;insertion et la formation permanente des urbanistes<\/span><\/p>\n<p><span style=\"font-size: 13px;\">17h \/ Conclusion<\/span><\/p>\n<p>&nbsp;<\/p>\n<p><strong>Lieu<\/strong><\/p>\n<p>Facult\u00e9 de g\u00e9ographie et d\u2019am\u00e9nagement de l\u2019Universit\u00e9 de Strasbourg,<\/p>\n<p>Salle M au rez-de-chauss\u00e9e.<\/p>\n<p>3 rue de l\u2019Argonne 67083 STRASBOURG Cedex<\/p>\n<p><strong>Renseignements et inscriptions<\/strong> : rencontres@cnju.fr<\/p>\n<p><a href=\"http:\/\/www.jeunes-urbanistes.fr\/?p=2281\"><strong>Voir le planning des rencontres CNJU en r\u00e9gions<\/strong><\/a><\/p>\n","protected":false},"excerpt":{"rendered":"<p>Le CNJU organise \u00e0 Strasbourg, avec l\u2019appui d\u2019As\u00e9au (Association Strasbourgeoise des \u00e9tudiants en Am\u00e9nagement et Urbanisme), une rencontre le 17 avril 2014 sur le th\u00e8me&#8230;<\/p>\n","protected":false},"author":1,"featured_media":0,"comment_status":"closed","ping_status":"open","sticky":false,"template":"","format":"standard","meta":{"jetpack_post_was_ever_published":false,"_jetpack_newsletter_access":"","_jetpack_dont_email_post_to_subs":false,"_jetpack_newsletter_tier_id":0,"footnotes":"","jetpack_publicize_message":"","jetpack_publicize_feature_enabled":true,"jetpack_social_post_already_shared":false,"jetpack_social_options":{"image_generator_settings":{"template":"highway","enabled":false}}},"categories":[7,17,6],"tags":[45],"jetpack_publicize_connections":[],"jetpack_featured_media_url":"","jetpack_sharing_enabled":true,"_links":{"self":[{"href":"http:\/\/www.jeunes-urbanistes.fr\/index.php?rest_route=\/wp\/v2\/posts\/2346"}],"collection":[{"href":"http:\/\/www.jeunes-urbanistes.fr\/index.php?rest_route=\/wp\/v2\/posts"}],"about":[{"href":"http:\/\/www.jeunes-urbanistes.fr\/index.php?rest_route=\/wp\/v2\/types\/post"}],"author":[{"embeddable":true,"href":"http:\/\/www.jeunes-urbanistes.fr\/index.php?rest_route=\/wp\/v2\/users\/1"}],"replies":[{"embeddable":true,"href":"http:\/\/www.jeunes-urbanistes.fr\/index.php?rest_route=%2Fwp%2Fv2%2Fcomments&post=2346"}],"version-history":[{"count":19,"href":"http:\/\/www.jeunes-urbanistes.fr\/index.php?rest_route=\/wp\/v2\/posts\/2346\/revisions"}],"predecessor-version":[{"id":3612,"href":"http:\/\/www.jeunes-urbanistes.fr\/index.php?rest_route=\/wp\/v2\/posts\/2346\/revisions\/3612"}],"wp:attachment":[{"href":"http:\/\/www.jeunes-urbanistes.fr\/index.php?rest_route=%2Fwp%2Fv2%2Fmedia&parent=2346"}],"wp:term":[{"taxonomy":"category","embeddable":true,"href":"http:\/\/www.jeunes-urbanistes.fr\/index.php?rest_route=%2Fwp%2Fv2%2Fcategories&post=2346"},{"taxonomy":"post_tag","embeddable":true,"href":"http:\/\/www.jeunes-urbanistes.fr\/index.php?rest_route=%2Fwp%2Fv2%2Ftags&post=2346"}],"curies":[{"name":"wp","href":"https:\/\/api.w.org\/{rel}","templated":true}]}}