{"id":2460,"date":"2014-04-27T22:02:48","date_gmt":"2014-04-27T20:02:48","guid":{"rendered":"http:\/\/www.jeunes-urbanistes.fr\/?p=2460"},"modified":"2017-11-10T18:48:36","modified_gmt":"2017-11-10T16:48:36","slug":"linsertion-professionnelle-des-urbanistes-rencontre-cnju-lille-16-mai-2014","status":"publish","type":"post","link":"http:\/\/www.jeunes-urbanistes.fr\/?p=2460","title":{"rendered":"L\u2019insertion professionnelle des urbanistes. Rencontre CNJU, Lille, 16 mai 2014"},"content":{"rendered":"<p><a href=\"http:\/\/www.jeunes-urbanistes.fr\/wp-content\/uploads\/2014\/04\/Affiche_rencontre_CNJU_2014_web.jpg\"><img loading=\"lazy\" decoding=\"async\" src=\"http:\/\/www.jeunes-urbanistes.fr\/wp-content\/uploads\/2014\/04\/Affiche_rencontre_CNJU_2014_web.jpg\" alt=\"Affiche_rencontre_CNJU_2014_web\" width=\"1024\" height=\"694\" \/><\/a><\/p>\n<p>Le CNJU organise \u00e0 Lille, avec l\u2019appui d&rsquo;ENVAR (Association des dipl\u00f4m\u00e9s et \u00e9tudiants de l&rsquo;Institut d\u2019Am\u00e9nagement et d\u2019Urbanisme de Lille), une rencontre le vendredi 16 mai 2014 sur le th\u00e8me de\u00a0<em><strong>\u00ab\u00a0L\u2019insertion professionnelle des urbanistes \u00a0: orientation, formations et mise en r\u00e9seau des dipl\u00f4m\u00e9s\u00a0\u00bb.<\/strong><\/em><\/p>\n<p>Cet \u00e9v\u00e9nement est la deuxi\u00e8me \u00e9tape du Tour de France de l&rsquo;insertion professionnelle des urbanistes organis\u00e9 par le CNJU en 2014 (apr\u00e8s la rencontre de Strasbourg).<\/p>\n<p>Accueillie \u00e0 la Maison de l&rsquo;Architecture et de la Ville de Nord Pas de Calais (MAV) de 14h \u00e0 17h, cette rencontre fera dialoguer urbanistes professionnels et enseignants-chercheurs en urbanisme et am\u00e9nagement du territoire.<\/p>\n<p>Le d\u00e9bat sera particuli\u00e8rement nourri par la pr\u00e9sentation des r\u00e9sultats de la deuxi\u00e8me enqu\u00eate nationale sur l\u2019insertion professionnelle des urbanistes dipl\u00f4m\u00e9s, r\u00e9alis\u00e9e par le CNJU en 2012.<\/p>\n<p><strong>Avec<\/strong>\u00a0:<\/p>\n<p><b>Annette Groux<\/b>, directrice de l\u2019Institut d\u2019Am\u00e9nagement et d\u2019Urbanisme de Lille (IAUL),\u00a0Professeur des Universit\u00e9s<\/p>\n<p><strong>Fran\u00e7ois Favard<\/strong>, pr\u00e9sident du CNJU, chef du service prospective et organisation des territoires au conseil g\u00e9n\u00e9ral du Val de Marne<\/p>\n<p><b>Bastien Lain\u00e9<\/b>, secr\u00e9taire du CNJU, charg\u00e9 de mission \u00e0 Urbanis<\/p>\n<p><strong>Dominique Musslin<\/strong>, pr\u00e9sident du Syndicat des Nouveaux Urbanistes (SNU), directeur de l&rsquo;agence d\u2019urbanisme et de d\u00e9veloppement du Pays de Montb\u00e9liard<\/p>\n<p><strong>Amandine Sors<\/strong>, urbaniste conseil, service planification urbaine, Lille M\u00e9tropole communaut\u00e9 urbaine<\/p>\n<p><strong>William Ten Have Dallinga<\/strong>, vice-pr\u00e9sident de l&rsquo;association ENVAR, vice-pr\u00e9sident du CNJU d\u00e9l\u00e9gu\u00e9 au R\u00e9seau professionnel,\u00a0charg\u00e9 de mission \u00e0 la Direction des transports du Conseil r\u00e9gional de Picardie<\/p>\n<p><em>Animation\u00a0: Olivier Cr\u00e9pin, d\u00e9l\u00e9gu\u00e9 g\u00e9n\u00e9ral du CNJU<\/em><\/p>\n<p><strong>PROGRAMME<\/strong><\/p>\n<p>13h45 \/ Accueil des participants<\/p>\n<p>14h \/ Mot d\u2019accueil par\u00a0<b>Annette Groux<\/b>, directrice de l\u2019Institut d\u2019Am\u00e9nagement et d\u2019Urbanisme de Lille (IAUL),\u00a0Professeur des Universit\u00e9s<\/p>\n<p>14h10 \/ L&rsquo;insertion professionnelle des jeunes urbanistes : retour d&rsquo;enqu\u00eates<\/p>\n<p>15h00 \/ Apr\u00e8s le vote de la loi Fioraso, quelle reformulation de l\u2019offre de formation en urbanisme\u00a0?<\/p>\n<p>15h45 \/ Annuaires de dipl\u00f4m\u00e9s, r\u00e9seaux d\u2019anciens \u00e9l\u00e8ves, bureaux stages\/emploi universitaires : mobiliser les outils pour l&rsquo;insertion et la formation permanente des urbanistes<\/p>\n<p>17h \/ Conclusion<\/p>\n<p>&nbsp;<\/p>\n<p><strong>Lieu<\/strong><\/p>\n<p>MAISON DE L&rsquo;ARCHITECTURE\u00a0ET DE LA VILLE NORD-PAS DE CALAIS<\/p>\n<p>Place Fran\u00e7ois Mitterrand, Euralille<\/p>\n<p>Lille<\/p>\n<p>M\u00e9tro Euralille ou Lille Flandres<\/p>\n<p>&nbsp;<\/p>\n<p><strong>Renseignements et inscriptions<\/strong>\u00a0: rencontres@cnju.fr<\/p>\n<p><a href=\"http:\/\/www.jeunes-urbanistes.fr\/wp-content\/uploads\/2014\/04\/Affiche_rencontre_CNJU_2014_Lille.pdf\" onclick=\"__gaTracker('send', 'event', 'download', 'http:\/\/www.jeunes-urbanistes.fr\/wp-content\/uploads\/2014\/04\/Affiche_rencontre_CNJU_2014_Lille.pdf');\" target=\"_blank\"><strong>T\u00e9l\u00e9charger le flyer de la rencontre<\/strong><\/a><\/p>\n<p><a href=\"http:\/\/www.jeunes-urbanistes.fr\/?p=2281\"><strong>Voir le planning des rencontres CNJU en r\u00e9gions<\/strong><\/a><\/p>\n","protected":false},"excerpt":{"rendered":"<p>Le CNJU organise \u00e0 Lille, avec l\u2019appui d&rsquo;ENVAR (Association des dipl\u00f4m\u00e9s et \u00e9tudiants de l&rsquo;Institut d\u2019Am\u00e9nagement et d\u2019Urbanisme de Lille), une rencontre le vendredi 16&#8230;<\/p>\n","protected":false},"author":1,"featured_media":0,"comment_status":"closed","ping_status":"open","sticky":false,"template":"","format":"standard","meta":{"jetpack_post_was_ever_published":false,"_jetpack_newsletter_access":"","_jetpack_dont_email_post_to_subs":false,"_jetpack_newsletter_tier_id":0,"footnotes":"","jetpack_publicize_message":"","jetpack_publicize_feature_enabled":true,"jetpack_social_post_already_shared":false,"jetpack_social_options":{"image_generator_settings":{"template":"highway","enabled":false}}},"categories":[7,8,17,6],"tags":[45],"jetpack_publicize_connections":[],"jetpack_featured_media_url":"","jetpack_sharing_enabled":true,"_links":{"self":[{"href":"http:\/\/www.jeunes-urbanistes.fr\/index.php?rest_route=\/wp\/v2\/posts\/2460"}],"collection":[{"href":"http:\/\/www.jeunes-urbanistes.fr\/index.php?rest_route=\/wp\/v2\/posts"}],"about":[{"href":"http:\/\/www.jeunes-urbanistes.fr\/index.php?rest_route=\/wp\/v2\/types\/post"}],"author":[{"embeddable":true,"href":"http:\/\/www.jeunes-urbanistes.fr\/index.php?rest_route=\/wp\/v2\/users\/1"}],"replies":[{"embeddable":true,"href":"http:\/\/www.jeunes-urbanistes.fr\/index.php?rest_route=%2Fwp%2Fv2%2Fcomments&post=2460"}],"version-history":[{"count":11,"href":"http:\/\/www.jeunes-urbanistes.fr\/index.php?rest_route=\/wp\/v2\/posts\/2460\/revisions"}],"predecessor-version":[{"id":3611,"href":"http:\/\/www.jeunes-urbanistes.fr\/index.php?rest_route=\/wp\/v2\/posts\/2460\/revisions\/3611"}],"wp:attachment":[{"href":"http:\/\/www.jeunes-urbanistes.fr\/index.php?rest_route=%2Fwp%2Fv2%2Fmedia&parent=2460"}],"wp:term":[{"taxonomy":"category","embeddable":true,"href":"http:\/\/www.jeunes-urbanistes.fr\/index.php?rest_route=%2Fwp%2Fv2%2Fcategories&post=2460"},{"taxonomy":"post_tag","embeddable":true,"href":"http:\/\/www.jeunes-urbanistes.fr\/index.php?rest_route=%2Fwp%2Fv2%2Ftags&post=2460"}],"curies":[{"name":"wp","href":"https:\/\/api.w.org\/{rel}","templated":true}]}}