{"id":2531,"date":"2014-05-28T07:55:26","date_gmt":"2014-05-28T05:55:26","guid":{"rendered":"http:\/\/www.jeunes-urbanistes.fr\/?p=2531"},"modified":"2017-11-10T12:04:20","modified_gmt":"2017-11-10T10:04:20","slug":"les-urbanistes-de-france-sunissent-le-mouvement-du-22-mai-2014","status":"publish","type":"post","link":"http:\/\/www.jeunes-urbanistes.fr\/?p=2531","title":{"rendered":"Les urbanistes de France s&rsquo;unissent : le mouvement du 22 mai 2014"},"content":{"rendered":"<h1>\u00ab\u00a0L&rsquo;urbanisme est \u00e0 nouveau au centre du d\u00e9bat public, les urbanistes doivent trouver toute leur place.\u00a0\u00bb<\/h1>\n<h1><\/h1>\n<h1><\/h1>\n<h2>La r\u00e9solution commune du Collectif National des Jeunes Urbanistes, d&rsquo;Urbanistes des Territoires et du Syndicat des Nouveaux Urbanistes.<\/h2>\n<p>Adopt\u00e9e par le Conseil d&rsquo;administration du CNJU r\u00e9uni \u00e0 Lille le 16 mai 2014, <a href=\"http:\/\/www.jeunes-urbanistes.fr\/wp-content\/uploads\/2014\/05\/Plate-forme_CNJU-SNU-UT_220514-web.pdf\" onclick=\"__gaTracker('send', 'event', 'download', 'http:\/\/www.jeunes-urbanistes.fr\/wp-content\/uploads\/2014\/05\/Plate-forme_CNJU-SNU-UT_220514-web.pdf');\" target=\"_blank\"><strong>la r\u00e9solution co-sign\u00e9e<\/strong> <\/a>par le pr\u00e9sident du CNJU le 22 mai est l&rsquo;aboutissement d&rsquo;une ann\u00e9e de travail avec l&rsquo;association Urbanistes des Territoires et le Syndicat des Nouveaux Urbanistes pour faire converger leurs positions.<\/p>\n<p>Elle s&rsquo;inscrit dans le prolongement des positions prises par le CNJU sur la question de la reconnaissance des dipl\u00f4mes et des qualifications des urbanistes :<\/p>\n<p>&#8211; <a href=\"http:\/\/www.jeunes-urbanistes.fr\/?p=1220\" target=\"_blank\"><strong>La position adopt\u00e9e en f\u00e9vrier dernier par les trois organisations en faveur d&rsquo;une certification professionnelle des dipl\u00f4mes d&rsquo;urbanisme de niveau Master<\/strong><\/a> (position constante du CNJU depuis 2011) ;<\/p>\n<p>&#8211; <a href=\"http:\/\/www.jeunes-urbanistes.fr\/?p=1708\" target=\"_blank\"><strong>Le Livre Blanc \u00ab\u00a09 propositions pour organiser la profession d&rsquo;urbaniste\u00a0\u00bb adopt\u00e9 en 2013<\/strong><\/a>.<\/p>\n<p>Dans la lign\u00e9e des orientations trac\u00e9es par l&rsquo;Assembl\u00e9e g\u00e9n\u00e9rale des membres du CNJU le 26 octobre 2013, cette d\u00e9marche commune vise \u00e0 r\u00e9pondre au besoin de rassemblement des urbanistes de France (la t\u00e2che restant \u00e0 accomplir pour y parvenir \u00e9tant immense).<\/p>\n<p>Le CNJU, Urbanistes des Territoires et le Syndicat des Nouveaux Urbanistes entendent ainsi enclencher une dynamique pour la reconnaissance sociale de la profession d&rsquo;urbaniste.<\/p>\n<h2><strong>&gt; <a href=\"http:\/\/www.jeunes-urbanistes.fr\/wp-content\/uploads\/2014\/05\/Plate-forme_CNJU-SNU-UT_220514-web.pdf\" onclick=\"__gaTracker('send', 'event', 'download', 'http:\/\/www.jeunes-urbanistes.fr\/wp-content\/uploads\/2014\/05\/Plate-forme_CNJU-SNU-UT_220514-web.pdf');\" target=\"_blank\">T\u00e9l\u00e9charger la r\u00e9solution commune CNJU &#8211; UT &#8211; SNU<\/a>\u00a0<\/strong><\/h2>\n<h2><\/h2>\n<h2><\/h2>\n<h2><\/h2>\n<h2>Communiqu\u00e9 du CNJU, d&rsquo;UT et du SNU, 23 mai 2014<\/h2>\n<h3 style=\"text-align: center;\">Les urbanistes de France s\u2019unissent.<\/h3>\n<p>Le 22 mai 2014, \u00e0 Paris, Bernard Lensel, pr\u00e9sident de l\u2019association Urbanistes des territoires (UT), Fran\u00e7ois Favard, pr\u00e9sident du Collectif National des Jeunes Urbanistes (CNJU), et Dominique Musslin, pr\u00e9sident du Syndicat des Nouveaux Urbanistes (SNU), ont sign\u00e9 une r\u00e9solution commune pour le rassemblement de la profession des urbanistes.<\/p>\n<p>A l\u2019heure de la mise en \u0153uvre de la loi ALUR et de la r\u00e9forme territoriale, les trois organisations souhaitent rappeler le r\u00f4le essentiel des urbanistes dans la d\u00e9finition des strat\u00e9gies territoriales et l\u2019\u00e9laboration des politiques publiques locales.<\/p>\n<p>Associ\u00e9es dans le cadre de la pr\u00e9paration de la loi ALUR et auditionn\u00e9es en 2013 \u00e0 l\u2019Assembl\u00e9e nationale lors de son examen au Parlement, les trois organisations continuent de plaider pour un renforcement de la ma\u00eetrise d\u2019ouvrage publique de l\u2019urbanisme. A cet \u00e9gard, UT, le CNJU et le SNU souhaitent alerter les pouvoirs publics sur la n\u00e9cessit\u00e9 de mobiliser les comp\u00e9tences professionnelles des urbanistes.<\/p>\n<p>F\u00e9d\u00e9rant au total plus de 1300 adh\u00e9rents, le CNJU, UT et le SNU souhaitent <strong>faire de la profession des urbanistes une branche professionnelle \u00e0 part enti\u00e8re<\/strong>.<\/p>\n<p>Pour les trois organisations, <strong>3 priorit\u00e9s doivent \u00eatre mises \u00e0 l\u2019agenda pour consolider la profession<\/strong> :<\/p>\n<p>&#8211; La certification professionnelle des dipl\u00f4mes d\u2019urbanisme de l\u2019Enseignement sup\u00e9rieur (niveau Master) ;<\/p>\n<p>&#8211; La reconnaissance des comp\u00e9tences et des qualifications (dipl\u00f4mes de niveau Bac+5) des urbanistes exer\u00e7ant dans le secteur public territorial ;<\/p>\n<p>&#8211; Une protection sociale commune en mati\u00e8re de droit du travail pour les urbanistes b\u00e9n\u00e9ficiant d\u2019un contrat de travail de droit priv\u00e9.<\/p>\n<p><strong>&gt; <a href=\"http:\/\/www.jeunes-urbanistes.fr\/wp-content\/uploads\/2014\/05\/CP_SNU-UT-CNJU-organisation-professionnelle-urbanistes-23052014.pdf\" onclick=\"__gaTracker('send', 'event', 'download', 'http:\/\/www.jeunes-urbanistes.fr\/wp-content\/uploads\/2014\/05\/CP_SNU-UT-CNJU-organisation-professionnelle-urbanistes-23052014.pdf');\" target=\"_blank\">Communiqu\u00e9 de presse\u00a0<\/a><\/strong><\/p>\n<p><strong>Contact CNJU<\/strong> : dg@cnju.fr<\/p>\n","protected":false},"excerpt":{"rendered":"<p>\u00ab\u00a0L&rsquo;urbanisme est \u00e0 nouveau au centre du d\u00e9bat public, les urbanistes doivent trouver toute leur place.\u00a0\u00bb La r\u00e9solution commune du Collectif National des Jeunes Urbanistes,&#8230;<\/p>\n","protected":false},"author":1,"featured_media":2560,"comment_status":"closed","ping_status":"open","sticky":false,"template":"","format":"standard","meta":{"jetpack_post_was_ever_published":false,"_jetpack_newsletter_access":"","_jetpack_dont_email_post_to_subs":false,"_jetpack_newsletter_tier_id":0,"footnotes":"","jetpack_publicize_message":"","jetpack_publicize_feature_enabled":true,"jetpack_social_post_already_shared":false,"jetpack_social_options":{"image_generator_settings":{"template":"highway","enabled":false}}},"categories":[8,22,44],"tags":[43,39,25,28],"jetpack_publicize_connections":[],"jetpack_featured_media_url":"http:\/\/www.jeunes-urbanistes.fr\/wp-content\/uploads\/2014\/05\/Signature_Plateforme_220514_b_HD.jpg","jetpack_sharing_enabled":true,"_links":{"self":[{"href":"http:\/\/www.jeunes-urbanistes.fr\/index.php?rest_route=\/wp\/v2\/posts\/2531"}],"collection":[{"href":"http:\/\/www.jeunes-urbanistes.fr\/index.php?rest_route=\/wp\/v2\/posts"}],"about":[{"href":"http:\/\/www.jeunes-urbanistes.fr\/index.php?rest_route=\/wp\/v2\/types\/post"}],"author":[{"embeddable":true,"href":"http:\/\/www.jeunes-urbanistes.fr\/index.php?rest_route=\/wp\/v2\/users\/1"}],"replies":[{"embeddable":true,"href":"http:\/\/www.jeunes-urbanistes.fr\/index.php?rest_route=%2Fwp%2Fv2%2Fcomments&post=2531"}],"version-history":[{"count":11,"href":"http:\/\/www.jeunes-urbanistes.fr\/index.php?rest_route=\/wp\/v2\/posts\/2531\/revisions"}],"predecessor-version":[{"id":2561,"href":"http:\/\/www.jeunes-urbanistes.fr\/index.php?rest_route=\/wp\/v2\/posts\/2531\/revisions\/2561"}],"wp:featuredmedia":[{"embeddable":true,"href":"http:\/\/www.jeunes-urbanistes.fr\/index.php?rest_route=\/wp\/v2\/media\/2560"}],"wp:attachment":[{"href":"http:\/\/www.jeunes-urbanistes.fr\/index.php?rest_route=%2Fwp%2Fv2%2Fmedia&parent=2531"}],"wp:term":[{"taxonomy":"category","embeddable":true,"href":"http:\/\/www.jeunes-urbanistes.fr\/index.php?rest_route=%2Fwp%2Fv2%2Fcategories&post=2531"},{"taxonomy":"post_tag","embeddable":true,"href":"http:\/\/www.jeunes-urbanistes.fr\/index.php?rest_route=%2Fwp%2Fv2%2Ftags&post=2531"}],"curies":[{"name":"wp","href":"https:\/\/api.w.org\/{rel}","templated":true}]}}