{"id":3273,"date":"2016-07-10T16:24:30","date_gmt":"2016-07-10T14:24:30","guid":{"rendered":"http:\/\/www.jeunes-urbanistes.fr\/?p=3273"},"modified":"2017-11-10T20:06:46","modified_gmt":"2017-11-10T18:06:46","slug":"federer-une-communaute-professionnelle-lancement-de-lannuaire-des-urbanistes-de-france","status":"publish","type":"post","link":"http:\/\/www.jeunes-urbanistes.fr\/?p=3273","title":{"rendered":"Inscrivez-vous dans l&rsquo;annuaire des urbanistes de France"},"content":{"rendered":"<h4><strong>Les urbanistes de France ont enfin leur annuaire.<\/strong> Son objectif : f\u00e9d\u00e9rer une communaut\u00e9 professionnelle forte de 20 000 membres.<\/h4>\n<p>L\u2019annuaire des urbanistes de France vise \u00e0 faciliter les \u00e9changes, cr\u00e9er du lien interpersonnel et d\u00e9velopper des r\u00e9seaux de sociabilit\u00e9. Cet outil favorisera les contacts entre les professionnels \u00e0 l\u2019\u00e9chelle nationale et r\u00e9gionale.<\/p>\n<p>Port\u00e9 par le CNJU depuis 2013, et con\u00e7u comme un r\u00e9seau social, il s\u2019adresse \u00e0 l\u2019ensemble des urbanistes professionnels, quelque soit leur \u00e2ge, exp\u00e9rience et mode d\u2019exercice (priv\u00e9, public, parapublic)\u2026 sans oublier les urbanistes enseignants-chercheurs.<\/p>\n<p>Mais l\u2019annuaire des urbanistes de France porte aussi une ambition vis \u00e0 vis de \u00ab\u00a0l\u2019ext\u00e9rieur\u00a0\u00bb aupr\u00e8s des pouvoirs publics, des f\u00e9d\u00e9rations d\u2019employeurs et du service public de l\u2019emploi :<\/p>\n<p>&#8211; contribuer \u00e0 une meilleure visibilit\u00e9 des qualifications professionnelles des urbanistes (via des informations relatives \u00e0 leurs dipl\u00f4mes et \u00e9tablissements de formation) ;<\/p>\n<p>&#8211; apporter une meilleure connaissance de leurs profils, missions et comp\u00e9tences, et donc de l\u2019\u00e9volution des pratiques professionnelles ;<\/p>\n<p>&#8211; offrir des cl\u00e9s de lecture communes aux employeurs d\u2019urbanistes et aux \u00e9tablissements d\u2019enseignement sup\u00e9rieur dans la perspective du d\u00e9veloppement d\u2019une offre de formation continue, levier majeur pour faciliter les \u00e9volutions professionnelles.<\/p>\n<p>Cet outil, totalement in\u00e9dit, est indispensable pour permettre \u00e0 la profession de \u00ab\u00a0se compter\u00a0\u00bb ; pour valoriser la grande diversit\u00e9 et toute la richesse de nos m\u00e9tiers.<\/p>\n<p>L\u2019annuaire des urbanistes de France est un annuaire professionnel qui s\u2019inscrit en parfaite compl\u00e9mentarit\u00e9 avec les annuaires de dipl\u00f4m\u00e9s. Le CNJU ne peut qu\u2019en encourager le d\u00e9veloppement, comme il l\u2019a toujours fait, afin de conforter ou impulser des dynamiques de r\u00e9seaux entre les dipl\u00f4m\u00e9s, les employeurs et les \u00e9quipes p\u00e9dagogiques des Instituts d\u2019urbanisme et autres formations d\u2019Enseignement sup\u00e9rieur en urbanisme et am\u00e9nagement de niveau Master.<\/p>\n<p>Pour rejoindre le r\u00e9seau, rendez-vous sur <a href=\"http:\/\/www.annuaire-urbanistes.fr\" onclick=\"__gaTracker('send', 'event', 'outbound-article', 'http:\/\/www.annuaire-urbanistes.fr', 'http:\/\/www.annuaire-urbanistes.fr');\"><strong>http:\/\/www.annuaire-urbanistes.fr<\/strong><\/a><\/p>\n<p><strong>Carole ROPARS<\/strong><br \/>\nPr\u00e9sidente du Collectif National des Jeunes Urbanistes (CNJU)<\/p>\n<h6>\u00a0<a href=\"http:\/\/www.jeunes-urbanistes.fr\/wp-content\/uploads\/2016\/07\/Portrait-Carole-Ropars-credits-CNJU.png\"><img loading=\"lazy\" decoding=\"async\" class=\"size-full wp-image-3286 alignleft\" src=\"http:\/\/www.jeunes-urbanistes.fr\/wp-content\/uploads\/2016\/07\/Portrait-Carole-Ropars-credits-CNJU-e1468517584431.png\" alt=\"Portrait-Carole-Ropars-credits-CNJU\" width=\"158\" height=\"192\" \/><\/a><\/h6>\n<h6><\/h6>\n<p>&nbsp;<\/p>\n<p>&nbsp;<\/p>\n<p>&nbsp;<\/p>\n<p>&nbsp;<\/p>\n","protected":false},"excerpt":{"rendered":"<p>Les urbanistes de France ont enfin leur annuaire. Son objectif : f\u00e9d\u00e9rer une communaut\u00e9 professionnelle forte de 20 000 membres. L\u2019annuaire des urbanistes de France&#8230;<\/p>\n","protected":false},"author":1,"featured_media":3274,"comment_status":"closed","ping_status":"open","sticky":false,"template":"","format":"standard","meta":{"jetpack_post_was_ever_published":false,"_jetpack_newsletter_access":"","_jetpack_dont_email_post_to_subs":false,"_jetpack_newsletter_tier_id":0,"footnotes":"","jetpack_publicize_message":"","jetpack_publicize_feature_enabled":true,"jetpack_social_post_already_shared":true,"jetpack_social_options":{"image_generator_settings":{"template":"highway","enabled":false}}},"categories":[7,8,22],"tags":[43,39],"jetpack_publicize_connections":[],"jetpack_featured_media_url":"http:\/\/www.jeunes-urbanistes.fr\/wp-content\/uploads\/2016\/07\/Capture-d\u2019e\u0301cran-2016-07-10-a\u0300-16.18.13.png","jetpack_sharing_enabled":true,"_links":{"self":[{"href":"http:\/\/www.jeunes-urbanistes.fr\/index.php?rest_route=\/wp\/v2\/posts\/3273"}],"collection":[{"href":"http:\/\/www.jeunes-urbanistes.fr\/index.php?rest_route=\/wp\/v2\/posts"}],"about":[{"href":"http:\/\/www.jeunes-urbanistes.fr\/index.php?rest_route=\/wp\/v2\/types\/post"}],"author":[{"embeddable":true,"href":"http:\/\/www.jeunes-urbanistes.fr\/index.php?rest_route=\/wp\/v2\/users\/1"}],"replies":[{"embeddable":true,"href":"http:\/\/www.jeunes-urbanistes.fr\/index.php?rest_route=%2Fwp%2Fv2%2Fcomments&post=3273"}],"version-history":[{"count":12,"href":"http:\/\/www.jeunes-urbanistes.fr\/index.php?rest_route=\/wp\/v2\/posts\/3273\/revisions"}],"predecessor-version":[{"id":3554,"href":"http:\/\/www.jeunes-urbanistes.fr\/index.php?rest_route=\/wp\/v2\/posts\/3273\/revisions\/3554"}],"wp:featuredmedia":[{"embeddable":true,"href":"http:\/\/www.jeunes-urbanistes.fr\/index.php?rest_route=\/wp\/v2\/media\/3274"}],"wp:attachment":[{"href":"http:\/\/www.jeunes-urbanistes.fr\/index.php?rest_route=%2Fwp%2Fv2%2Fmedia&parent=3273"}],"wp:term":[{"taxonomy":"category","embeddable":true,"href":"http:\/\/www.jeunes-urbanistes.fr\/index.php?rest_route=%2Fwp%2Fv2%2Fcategories&post=3273"},{"taxonomy":"post_tag","embeddable":true,"href":"http:\/\/www.jeunes-urbanistes.fr\/index.php?rest_route=%2Fwp%2Fv2%2Ftags&post=3273"}],"curies":[{"name":"wp","href":"https:\/\/api.w.org\/{rel}","templated":true}]}}