{"id":3838,"date":"2019-08-05T14:23:04","date_gmt":"2019-08-05T12:23:04","guid":{"rendered":"http:\/\/www.jeunes-urbanistes.fr\/?p=3838"},"modified":"2019-08-05T16:06:19","modified_gmt":"2019-08-05T14:06:19","slug":"profession-urbaniste-le-projet-de-plan-dactions-des-federations-demployeurs","status":"publish","type":"post","link":"http:\/\/www.jeunes-urbanistes.fr\/?p=3838","title":{"rendered":"Profession urbaniste : le projet de plan d\u2019actions des f\u00e9d\u00e9rations d\u2019employeurs"},"content":{"rendered":"<h3><em>Faire reconna\u00eetre le dipl\u00f4me national de Master Urbanisme et am\u00e9nagement comme la certification professionnelle d\u2019urbaniste de r\u00e9f\u00e9rence. C\u2019est la cl\u00e9 de voute du projet de plan d\u2019actions initi\u00e9 en 2018 par le Minist\u00e8re de la Coh\u00e9sion des territoires et des Relations avec les collectivit\u00e9s territoriales. Ce plan d&rsquo;actions associe 8 f\u00e9d\u00e9rations d\u2019employeurs d\u2019urbanistes (AMF, AdCF, F\u00e9d\u00e9SCOT, FNCAUE, FNAU, FedEpl, CINOV, ACAD) qui s\u2019expriment collectivement pour mieux reconna\u00eetre la profession d\u2019urbaniste dans une contribution transmise le 19 juillet 2019 \u00e0 la direction g\u00e9n\u00e9rale de l\u2019am\u00e9nagement, du logement et de la nature (DGALN\/DHUP).<br \/>\n<\/em><\/h3>\n<h3><em>Associ\u00e9e depuis plus d\u2019une ann\u00e9e au groupe de travail visant \u00e0 \u00e9laborer ce plan d\u2019actions, l\u2019association des jeunes urbanistes de France (CNJU) fait \u00e9tat de ses convergences de vues avec les propositions des f\u00e9d\u00e9rations d\u2019employeurs d\u2019urbanistes, positions \u00e9galement partag\u00e9es par l\u2019association Urbanistes des territoires. Retrouver la version du plan d\u2019actions propos\u00e9 par les 8 f\u00e9d\u00e9rations d\u2019employeurs d\u2019urbanistes.<\/em><\/h3>\n<p>Aboutir \u00e0 une meilleure reconnaissance de la profession urbaniste. Tel est l\u2019objet d\u2019un plan d\u2019actions, en cours d\u2019\u00e9laboration, \u00e0 l\u2019initiative d\u2019un groupe de travail pilot\u00e9 par le Minist\u00e8re de la Coh\u00e9sion des territoires et des Relations avec les collectivit\u00e9s territoriales (minist\u00e8re charg\u00e9 de l\u2019urbanisme).<\/p>\n<p>Anim\u00e9 par la direction g\u00e9n\u00e9rale de l\u2019am\u00e9nagement, du logement et de la nature (DGALN\/DHUP), ce groupe de travail r\u00e9unit, depuis le d\u00e9but de l\u2019ann\u00e9e 2018, les f\u00e9d\u00e9rations d\u2019employeurs d\u2019urbanistes, les associations professionnelles d\u2019urbanistes et d\u2019enseignants-chercheurs en urbanisme, plusieurs Minist\u00e8res (Urbanisme, Enseignement sup\u00e9rieur, \u00c9conomie, Culture), ainsi que d\u2019autres organismes et professions du champ de l\u2019urbanisme.<\/p>\n<p>Le plan d\u2019actions vise avant tout \u00e0 <strong>consacrer le dipl\u00f4me national de master mention \u00ab\u00a0Urbanisme et am\u00e9nagement\u00a0\u00bb comme la certification professionnelle d\u2019urbaniste de r\u00e9f\u00e9rence<\/strong> (cheval de bataille du CNJU depuis 2012). Il s\u2019agit de valoriser l\u2019avanc\u00e9e in\u00e9dite que constitue la coproduction d\u2019une certification professionnelle unique \u00e0 l\u2019\u00e9chelle nationale avec l\u2019enregistrement de ce dipl\u00f4me au R\u00e9pertoire national des certifications professionnelles (RNCP).<\/p>\n<p>Le processus de certification professionnelle s\u2019est d\u00e9roul\u00e9 en 2018 sous l\u2019autorit\u00e9 du Minist\u00e8re de l\u2019Enseignement sup\u00e9rieur, de la Recherche et de l\u2019Innovation (<a href=\"http:\/\/www.jeunes-urbanistes.fr\/?p=3757\" target=\"_blank\"><em>en savoir plus ici<\/em><\/a>) et en lien \u00e9troit avec la Conf\u00e9rence des pr\u00e9sidents d\u2019universit\u00e9 (CPU). La publication d\u2019une fiche nationale au RNCP pour ce dipl\u00f4me \u00e0 finalit\u00e9 professionnelle (<a href=\"https:\/\/www.certificationprofessionnelle.fr\/recherche\/rncp\/31470\" onclick=\"__gaTracker('send', 'event', 'outbound-article', 'https:\/\/www.certificationprofessionnelle.fr\/recherche\/rncp\/31470', 'en ligne sur le site de France comp\u00e9tences ici ');\" target=\"_blank\"><em>en ligne sur le site de France comp\u00e9tences ici <\/em><\/a><em>\/ <a href=\"http:\/\/www.jeunes-urbanistes.fr\/?p=3847\">voir notre article ici<\/a><\/em>) en d\u00e9cembre 2018 constitue en effet l\u2019avanc\u00e9e la plus importante pour apporter toute la lisibilit\u00e9 n\u00e9cessaire \u00e0 la qualification des urbanistes.<\/p>\n<p>Concr\u00e8tement, cela se traduit par l\u2019actualisation d\u2019un r\u00e9f\u00e9rentiel d\u2019activit\u00e9s et l\u2019identification de 6 blocs de comp\u00e9tences sp\u00e9cifiques \u00e0 la mention \u00ab\u00a0Urbanisme et am\u00e9nagement\u00a0\u00bb du dipl\u00f4me national de master. 23 \u00e9tablissements d\u2019enseignement sup\u00e9rieur accr\u00e9ditent \u00e0 ce jour cette mention du dipl\u00f4me national de master.<\/p>\n<p>L\u2019<strong>Association des maires de France<\/strong> (AMF), l\u2019<strong>Assembl\u00e9e des communaut\u00e9s de France<\/strong> (Intercommunalit\u00e9s de France \u2013 AdCF), la <strong>F\u00e9d\u00e9ration des syndicats mixtes ma\u00eetres d\u2019ouvrage de sch\u00e9mas de coh\u00e9rence territoriale<\/strong> (F\u00e9d\u00e9SCOT), la <strong>F\u00e9d\u00e9ration des syndicats des m\u00e9tiers de la prestation intellectuelle du conseil, de l&rsquo;ing\u00e9nierie et du num\u00e9rique<\/strong> (CINOV), l\u2019<strong>Association des consultants en am\u00e9nagement et d\u00e9veloppement des territoires<\/strong> (ACAD), la <strong>F\u00e9d\u00e9ration nationale des agences d\u2019urbanisme<\/strong> (FNAU), la <strong>F\u00e9d\u00e9ration nationale des conseils d&rsquo;architecture, d&rsquo;urbanisme et de l&rsquo;environnement<\/strong> (FNCAUE) et la <strong>F\u00e9d\u00e9ration des entreprises publiques locales<\/strong> (FedEpl \u2013 SEM\/SPL) <strong>sont associ\u00e9es \u00e0 l\u2019\u00e9laboration du plan d\u2019actions<\/strong>.<\/p>\n<p><strong>Dans une contribution commune transmise \u00e0 la direction g\u00e9n\u00e9rale de l\u2019am\u00e9nagement, du logement et de la nature (DGALN\/DHUP), ces 8 f\u00e9d\u00e9rations d\u2019employeurs d\u2019urbanistes proposent six axes de travail<\/strong> <strong>pour promouvoir la profession d&rsquo;urbaniste <\/strong>(<strong><a href=\"http:\/\/www.jeunes-urbanistes.fr\/wp-content\/uploads\/2019\/08\/Plan-action-profession-Urbaniste-v18072019-Employeurs.pdf\" onclick=\"__gaTracker('send', 'event', 'download', 'http:\/\/www.jeunes-urbanistes.fr\/wp-content\/uploads\/2019\/08\/Plan-action-profession-Urbaniste-v18072019-Employeurs.pdf');\" target=\"_blank\"><em>voir document en t\u00e9l\u00e9chargement ci-apr\u00e8s<\/em><\/a><\/strong>). Certaines de ces pistes d&rsquo;action sont d\u2019ores et d\u00e9j\u00e0 programm\u00e9es ou mises \u00e0 l\u2019agenda par le Minist\u00e8re de l\u2019Enseignement sup\u00e9rieur, de la Recherche et de l\u2019Innovation ainsi que par les 23 \u00e9tablissements d\u2019enseignement sup\u00e9rieur charg\u00e9s de l\u2019accr\u00e9ditation du dipl\u00f4me national de master Urbanisme et am\u00e9nagement (voir la liste des \u00e9tablissements mentionn\u00e9s dans la fiche RNCP). C&rsquo;est notamment le cas du cahier des charges pour l&rsquo;obtention de ce Master par la validation des acquis de l&rsquo;exp\u00e9rience (VAE).<\/p>\n<p>&nbsp;<\/p>\n<h3 style=\"text-align: center;\"><strong>Les 6 axes propos\u00e9s par les f\u00e9d\u00e9rations d\u2019employeurs d\u2019urbanistes pour la lisibilit\u00e9 et la promotion de la profession d\u2019urbaniste\u00a0:<\/strong><\/h3>\n<p><strong>1.\u00a0\u00a0\u00a0 D\u00e9finir un r\u00e9f\u00e9rentiel d\u2019activit\u00e9 et de comp\u00e9tences professionnelles partag\u00e9 pour les urbanistes<\/strong><\/p>\n<p>Actions \u00e0 mettre en \u0153uvre :<\/p>\n<p>\u2022\u00a0\u00a0\u00a0\u00a0\u00a0\u00a0\u00a0\u00a0\u00a0\u00a0\u00a0\u00a0\u00a0\u00a0\u00a0 Promouvoir le dipl\u00f4me national de Master \u00ab\u00a0Urbanisme et am\u00e9nagement\u00a0\u00bb comme la certification professionnelle d\u2019urbaniste de r\u00e9f\u00e9rence<\/p>\n<p>\u2022\u00a0\u00a0\u00a0\u00a0\u00a0\u00a0\u00a0\u00a0\u00a0\u00a0\u00a0\u00a0\u00a0\u00a0\u00a0 A partir des 6 blocs de comp\u00e9tences sp\u00e9cifiques des urbanistes identifi\u00e9s dans la fiche RNCP du dipl\u00f4me national de Master \u00ab Urbanisme et am\u00e9nagement \u00bb, co-construire le r\u00e9f\u00e9rentiel d\u2019activit\u00e9 et de comp\u00e9tences qui servira de cahier des charges et de modes d\u2019emploi pour l\u2019acquisition de cette certification professionnelle par la validation des acquis de l\u2019exp\u00e9rience (VAE). Ce chantier, pilot\u00e9 par la Direction g\u00e9n\u00e9rale de l\u2019enseignement sup\u00e9rieur et de l\u2019insertion professionnelle (Minist\u00e8re de l\u2019Enseignement sup\u00e9rieur, de la recherche et de l\u2019innovation), a \u00e9t\u00e9 lanc\u00e9 au premier semestre 2019 et associe les \u00e9tablissements d\u2019enseignement sup\u00e9rieur, la conf\u00e9rence des pr\u00e9sidents d\u2019universit\u00e9, les f\u00e9d\u00e9rations d\u2019employeurs et les associations professionnelles.<\/p>\n<p><strong>2.\u00a0\u00a0\u00a0 Faciliter l\u2019obtention du dipl\u00f4me national de Master \u00ab Urbanisme et am\u00e9nagement \u00bb pour les urbanistes en exercice<\/strong><\/p>\n<p>Actions \u00e0 mettre en \u0153uvre :<\/p>\n<p>\u2022\u00a0\u00a0\u00a0\u00a0\u00a0\u00a0\u00a0\u00a0\u00a0\u00a0\u00a0\u00a0\u00a0\u00a0\u00a0 Faciliter l\u2019acc\u00e8s des urbanistes en exercice au dipl\u00f4me national de Master Urbanisme et am\u00e9nagement par la validation des acquis de l\u2019exp\u00e9rience (VAE), la validation des acquis professionnels (VAP), ou la validation des \u00e9tudes sup\u00e9rieures (VES).<\/p>\n<p>\u2022\u00a0\u00a0\u00a0\u00a0\u00a0\u00a0\u00a0\u00a0\u00a0\u00a0\u00a0\u00a0\u00a0\u00a0\u00a0 Cr\u00e9er des parcours types de VAE, VAP et VES qui soient adapt\u00e9s aux profils des urbanistes en exercice et compatibles avec l\u2019exercice de la profession<\/p>\n<p><strong>3.\u00a0\u00a0\u00a0 Inciter les urbanistes en exercice \u00e0 l\u2019obtention du dipl\u00f4me national de Master \u00ab\u00a0Urbanisme et am\u00e9nagement\u00a0\u00bb<br \/>\n<\/strong><\/p>\n<p>Action \u00e0 mettre en \u0153uvre :<\/p>\n<p>\u2022\u00a0\u00a0\u00a0\u00a0\u00a0\u00a0\u00a0\u00a0\u00a0\u00a0\u00a0\u00a0\u00a0\u00a0\u00a0 Communiquer vers les employeurs, le service public de l\u2019emploi et de l\u2019orientation professionnelle, les commanditaires et les urbanistes en exercice pour que le dipl\u00f4me national de Master Urbanisme et am\u00e9nagement soit pris en compte comme la certification professionnelle d\u2019urbaniste de r\u00e9f\u00e9rence<\/p>\n<p><strong>4.\u00a0\u00a0\u00a0 \u0152uvrer au d\u00e9veloppement de la formation continue des urbanistes<\/strong><\/p>\n<p>Actions \u00e0 mettre en \u0153uvre :<\/p>\n<p>\u2022\u00a0\u00a0\u00a0\u00a0\u00a0\u00a0\u00a0\u00a0\u00a0\u00a0\u00a0\u00a0\u00a0\u00a0\u00a0 D\u00e9velopper l\u2019offre de formation continue certifiante \u00e0 destination des urbanistes en exercice.<\/p>\n<p>\u2022\u00a0\u00a0\u00a0\u00a0\u00a0\u00a0\u00a0\u00a0\u00a0\u00a0\u00a0\u00a0\u00a0\u00a0\u00a0 Rendre accessible aux professionnels en exercice des modules de formation certifiants cibl\u00e9s pour mettre \u00e0 jour et renforcer leurs comp\u00e9tences professionnelles.<\/p>\n<p><strong>5.\u00a0\u00a0\u00a0 Engagement des discussions sur les conditions d\u2019acc\u00e8s des urbanistes \u00e0 la fonction publique territoriale<\/strong><\/p>\n<p>Action \u00e0 mettre en \u0153uvre :<\/p>\n<p>\u2022\u00a0\u00a0\u00a0\u00a0\u00a0\u00a0\u00a0\u00a0\u00a0\u00a0\u00a0\u00a0\u00a0\u00a0\u00a0 Engager les discussions avec les minist\u00e8res comp\u00e9tents pour am\u00e9liorer l\u2019acc\u00e8s des urbanistes \u00e0 la fonction publique territoriale en associant les membres du conseil sup\u00e9rieur de la fonction publique territoriale (CSFPT) et plus largement l\u2019ensemble des associations de collectivit\u00e9s locales qui ont constitu\u00e9 en 2018 une coordination nationale des employeurs publics territoriaux.<\/p>\n<p><strong>6.\u00a0\u00a0\u00a0 Cr\u00e9er un libell\u00e9 et un code \u00ab Urbanisme \u00bb dans la nomenclature d\u2019activit\u00e9s fran\u00e7aise de l\u2019INSEE<\/strong><\/p>\n<p>Action \u00e0 mettre en \u0153uvre :<\/p>\n<p>\u2022\u00a0\u00a0\u00a0\u00a0\u00a0\u00a0\u00a0\u00a0\u00a0\u00a0\u00a0\u00a0\u00a0\u00a0\u00a0 Faire expertiser la cr\u00e9ation d\u2019un libell\u00e9 et d\u2019un code \u00ab Urbanisme \u00bb dans la nomenclature d\u2019activit\u00e9s fran\u00e7aise (NAF) aupr\u00e8s de l\u2019INSEE en saisissant le Conseil national de l\u2019information statistique (CNIS).<\/p>\n<h3><a href=\"http:\/\/www.jeunes-urbanistes.fr\/wp-content\/uploads\/2019\/08\/Plan-action-profession-Urbaniste-v18072019-Employeurs.pdf\" onclick=\"__gaTracker('send', 'event', 'download', 'http:\/\/www.jeunes-urbanistes.fr\/wp-content\/uploads\/2019\/08\/Plan-action-profession-Urbaniste-v18072019-Employeurs.pdf');\" target=\"_blank\">T\u00e9l\u00e9charger la version du plan d\u2019actions propos\u00e9 par les f\u00e9d\u00e9rations d\u2019employeurs d\u2019urbanistes &#8211; AMF, AdCF, F\u00e9d\u00e9SCOT, FNCAUE, FNAU, FedEpl, CINOV, ACAD &#8211; 19 juillet 2019<\/a><\/h3>\n<p>&nbsp;<\/p>\n<h3 style=\"text-align: center;\"><strong>Commentaires CNJU<\/strong>\u00a0:<\/h3>\n<p>Le projet de plan d\u2019actions des\u00a08 f\u00e9d\u00e9rations d\u2019employeurs \u2013 document de travail \u00e0 ce stade \u2013 est totalement convergeant avec les propositions des jeunes urbanistes de France (CNJU) et de l\u2019association Urbanistes des territoires (<a href=\"http:\/\/www.jeunes-urbanistes.fr\/?p=3807\" target=\"_blank\"><em>voir notamment les 6 propositions du CNJU adopt\u00e9es lors de son assembl\u00e9e g\u00e9n\u00e9rale le 9 f\u00e9vrier 2019<\/em><\/a>). L\u2019association des jeunes urbanistes de France (CNJU) salue la mobilisation commune des f\u00e9d\u00e9rations d\u2019employeurs d\u2019urbanistes et souhaite donc l\u2019adoption rapide de ce plan d\u2019actions.<\/p>\n<p>Contact CNJU : cmarquis@cnju.fr<\/p>\n","protected":false},"excerpt":{"rendered":"<p>Faire reconna\u00eetre le dipl\u00f4me national de Master Urbanisme et am\u00e9nagement comme la certification professionnelle d\u2019urbaniste de r\u00e9f\u00e9rence. C\u2019est la cl\u00e9 de voute du projet de&#8230;<\/p>\n","protected":false},"author":1,"featured_media":3040,"comment_status":"closed","ping_status":"open","sticky":false,"template":"","format":"standard","meta":{"jetpack_post_was_ever_published":false,"_jetpack_newsletter_access":"","_jetpack_dont_email_post_to_subs":false,"_jetpack_newsletter_tier_id":0,"footnotes":"","jetpack_publicize_message":"","jetpack_publicize_feature_enabled":true,"jetpack_social_post_already_shared":true,"jetpack_social_options":{"image_generator_settings":{"template":"highway","enabled":false}}},"categories":[22,44],"tags":[],"jetpack_publicize_connections":[],"jetpack_featured_media_url":"http:\/\/www.jeunes-urbanistes.fr\/wp-content\/uploads\/2015\/06\/audition-CNJU-commission-RH-AdCF-28mai2015-e1434742810115.png","jetpack_sharing_enabled":true,"_links":{"self":[{"href":"http:\/\/www.jeunes-urbanistes.fr\/index.php?rest_route=\/wp\/v2\/posts\/3838"}],"collection":[{"href":"http:\/\/www.jeunes-urbanistes.fr\/index.php?rest_route=\/wp\/v2\/posts"}],"about":[{"href":"http:\/\/www.jeunes-urbanistes.fr\/index.php?rest_route=\/wp\/v2\/types\/post"}],"author":[{"embeddable":true,"href":"http:\/\/www.jeunes-urbanistes.fr\/index.php?rest_route=\/wp\/v2\/users\/1"}],"replies":[{"embeddable":true,"href":"http:\/\/www.jeunes-urbanistes.fr\/index.php?rest_route=%2Fwp%2Fv2%2Fcomments&post=3838"}],"version-history":[{"count":11,"href":"http:\/\/www.jeunes-urbanistes.fr\/index.php?rest_route=\/wp\/v2\/posts\/3838\/revisions"}],"predecessor-version":[{"id":3861,"href":"http:\/\/www.jeunes-urbanistes.fr\/index.php?rest_route=\/wp\/v2\/posts\/3838\/revisions\/3861"}],"wp:featuredmedia":[{"embeddable":true,"href":"http:\/\/www.jeunes-urbanistes.fr\/index.php?rest_route=\/wp\/v2\/media\/3040"}],"wp:attachment":[{"href":"http:\/\/www.jeunes-urbanistes.fr\/index.php?rest_route=%2Fwp%2Fv2%2Fmedia&parent=3838"}],"wp:term":[{"taxonomy":"category","embeddable":true,"href":"http:\/\/www.jeunes-urbanistes.fr\/index.php?rest_route=%2Fwp%2Fv2%2Fcategories&post=3838"},{"taxonomy":"post_tag","embeddable":true,"href":"http:\/\/www.jeunes-urbanistes.fr\/index.php?rest_route=%2Fwp%2Fv2%2Ftags&post=3838"}],"curies":[{"name":"wp","href":"https:\/\/api.w.org\/{rel}","templated":true}]}}