{"id":463,"date":"2011-07-24T18:16:49","date_gmt":"2011-07-24T18:16:49","guid":{"rendered":"http:\/\/www.jeunes-urbanistes.fr\/?p=463"},"modified":"2017-11-10T18:58:37","modified_gmt":"2017-11-10T16:58:37","slug":"printemps-des-urbanistes-de-paris","status":"publish","type":"post","link":"http:\/\/www.jeunes-urbanistes.fr\/?p=463","title":{"rendered":"<span style=\"font-family: Arial,Helvetica,sans-serif\">Printemps des Urbanistes, Paris, 17 juin 2011<\/span>"},"content":{"rendered":"<p><em><span style=\"font-family: Arial,Helvetica,sans-serif; font-size: medium;\">Le vendredi 17 juin 2011, \u00e9tait organis\u00e9e par le CNJU, avec l&rsquo;appui de six de ses associations membres (InSITU, Magistram, SciencesPo Urba, Urbam&rsquo;s, Urba+ et Urbi) la\u00a0<strong>septi\u00e8me et derni\u00e8re \u00e9dition du Printemps des urbanistes.<\/strong>\u00a0<\/span><\/em><\/p>\n<p><em><span style=\"font-family: Arial,Helvetica,sans-serif; font-size: medium;\">Plus de 110 participants, urbanistes professionnels et en formation, enseignants chercheurs, \u00e9lus locaux et repr\u00e9sentant des services de l&rsquo;Etat ont \u00e9chang\u00e9 sur les conditions de l&rsquo;organisation de la profession. Les intervenants ont soulign\u00e9 \u00e0 plusieurs reprises le r\u00f4le sp\u00e9cifique jou\u00e9 par\u00a0<strong>les instituts d\u2019urbanisme pour la structuration du lien entre formation et qualification,<\/strong>\u00a0\u00e0 partir des enseignements de l&rsquo;enqu\u00eate nationale sur l&rsquo;insertion des dipl\u00f4m\u00e9s en urbanisme.<\/span><\/em><\/p>\n<p>Le CNJU partage le constat d\u2019une insuffisante structuration de la profession en France : absence de convention collective, absence de dispositif mutualis\u00e9 de formation permanente, audience encore trop faible de la qualification OPQU, etc. Pour autant, la France a la chance de disposer \u00a0d\u2019Instituts d\u2019Urbanisme d\u2019o\u00f9 sortent chaque ann\u00e9e 1 000 dipl\u00f4m\u00e9s. Par ailleurs, le Conseil Europ\u00e9en des Urbanistes (CEU) travaille \u00e0 une reconnaissance mutuelle des qualifications et dipl\u00f4mes \u00e0 l\u2019\u00e9chelle europ\u00e9enne, esquisse d\u2019une organisation professionnelle des urbanistes en Europe. Comment organiser la profession autour et \u00e0 partir de ses organes de formation? Recherche appliqu\u00e9e, pr\u00e9paration aux carri\u00e8res publiques, formation continue et validation des acquis de l\u2019exp\u00e9rience : quels leviers actionner pour consacrer les Instituts d\u2019urbanisme comme de v\u00e9ritables r\u00e9seaux professionnels d\u2019urbanistes ?<\/p>\n<p>Plusieurs th\u00e8mes ont \u00e9t\u00e9 abord\u00e9s lors de la table ronde finale :<\/p>\n<div>Plusieurs axes seront abord\u00e9s pour la conduite du d\u00e9bat lors de cette table ronde finale :<\/div>\n<div>\u2022 reconnaissance europ\u00e9enne des dipl\u00f4mes et des qualifications,<\/div>\n<div>\u2022 d\u00e9veloppement de la qualification OPQU,<\/div>\n<div>\u2022 R\u00f4le de la recherche en urbanisme et reconnaissance des urbanistes-chercheurs<\/div>\n<div>\u2022 pr\u00e9paration aux carri\u00e8res publiques et d\u00e9finition d\u2019un statut d\u2019urbaniste territorial,<\/div>\n<div>\u2022 formation continue, validation des acquis de l\u2019exp\u00e9rience, consolidation professionnelle des Instituts d\u2019urbanisme<\/div>\n<div><\/div>\n<p>&nbsp;<\/p>\n<p><strong><span style=\"font-family: Arial,Helvetica,sans-serif; font-size: medium;\">EN T\u00c9L\u00c9CHARGEMENT<\/span><\/strong><\/p>\n<p><span style=\"font-family: Arial,Helvetica,sans-serif; font-size: medium;\">&#8211;<a href=\"http:\/\/www.jeunes-urbanistes.fr\/docs\/programme_pdu-idf.pdf\" onclick=\"__gaTracker('send', 'event', 'download', 'http:\/\/www.jeunes-urbanistes.fr\/docs\/programme_pdu-idf.pdf');\" target=\"_blank\"> <strong>Le programme de la rencontre<\/strong><\/a><br \/>\n&#8211; <strong><a href=\"http:\/\/www.jeunes-urbanistes.fr\/docs\/PDU_20110617_CR.pdf\" onclick=\"__gaTracker('send', 'event', 'download', 'http:\/\/www.jeunes-urbanistes.fr\/docs\/PDU_20110617_CR.pdf');\" target=\"_blank\">Le compte-rendu<\/a><\/strong>\u00a0<\/span><span style=\"font-family: Arial,Helvetica,sans-serif; font-size: medium;\"><br \/>\n&#8211; <a href=\"http:\/\/www.jeunes-urbanistes.fr\/docs\/com_presse_cnju_10.pdf\" onclick=\"__gaTracker('send', 'event', 'download', 'http:\/\/www.jeunes-urbanistes.fr\/docs\/com_presse_cnju_10.pdf');\" target=\"_blank\"><strong>Le communiqu\u00e9 de presse<\/strong><\/a><\/span><\/p>\n<p>&nbsp;<\/p>\n<p>&nbsp;<\/p>\n<p><span style=\"font-family: Arial,Helvetica,sans-serif; font-size: medium;\"><strong><br \/>\n<\/strong><\/span><\/p>\n<p><strong><span style=\"font-family: Arial,Helvetica,sans-serif; font-size: medium;\">LA GALERIE PHOTO<\/span><\/strong><\/p>\n<p style=\"text-align: center;\"><em><img loading=\"lazy\" decoding=\"async\" class=\"aligncenter\" title=\"\/img\/pdu\/20110617_paris\" src=\"http:\/\/www.jeunes-urbanistes.fr\/img\/pdu\/20110617_paris\/ND3_7129.jpg\" alt=\"\" width=\"408\" height=\"600\" \/><\/em><\/p>\n<p style=\"text-align: center;\"><em><img loading=\"lazy\" decoding=\"async\" class=\"aligncenter\" title=\"\/img\/pdu\/20110617_paris\" src=\"http:\/\/www.jeunes-urbanistes.fr\/img\/pdu\/20110617_paris\/ND3_7144.jpg\" alt=\"\" width=\"600\" height=\"408\" \/><\/em><\/p>\n<p style=\"text-align: center;\"><em><img loading=\"lazy\" decoding=\"async\" class=\"aligncenter\" title=\"\/img\/pdu\/20110617_paris\" src=\"http:\/\/www.jeunes-urbanistes.fr\/img\/pdu\/20110617_paris\/ND3_7148.jpg\" alt=\"\" width=\"408\" height=\"600\" \/><\/em><\/p>\n<p style=\"text-align: center;\"><em><img loading=\"lazy\" decoding=\"async\" class=\"aligncenter\" title=\"\/img\/pdu\/20110617_paris\" src=\"http:\/\/www.jeunes-urbanistes.fr\/img\/pdu\/20110617_paris\/ND3_7156.jpg\" alt=\"\" width=\"600\" height=\"408\" \/><\/em><\/p>\n<p style=\"text-align: center;\"><em><img loading=\"lazy\" decoding=\"async\" class=\"aligncenter\" title=\"\/img\/pdu\/20110617_paris\" src=\"http:\/\/www.jeunes-urbanistes.fr\/img\/pdu\/20110617_paris\/ND3_7160.jpg\" alt=\"\" width=\"408\" height=\"600\" \/><\/em><\/p>\n<p style=\"text-align: center;\"><em><img loading=\"lazy\" decoding=\"async\" class=\"aligncenter\" title=\"\/img\/pdu\/20110617_paris\" src=\"http:\/\/www.jeunes-urbanistes.fr\/img\/pdu\/20110617_paris\/ND3_7169.jpg\" alt=\"\" width=\"600\" height=\"408\" \/><\/em><\/p>\n<p style=\"text-align: center;\"><em><img loading=\"lazy\" decoding=\"async\" class=\"aligncenter\" title=\"\/img\/pdu\/20110617_paris\" src=\"http:\/\/www.jeunes-urbanistes.fr\/img\/pdu\/20110617_paris\/ND3_7172.jpg\" alt=\"\" width=\"600\" height=\"408\" \/><\/em><\/p>\n<p style=\"text-align: center;\"><em><img loading=\"lazy\" decoding=\"async\" class=\"aligncenter\" title=\"\/img\/pdu\/20110617_paris\" src=\"http:\/\/www.jeunes-urbanistes.fr\/img\/pdu\/20110617_paris\/ND3_7188.jpg\" alt=\"\" width=\"408\" height=\"600\" \/><\/em><\/p>\n<p style=\"text-align: center;\"><em><img loading=\"lazy\" decoding=\"async\" class=\"aligncenter\" title=\"\/img\/pdu\/20110617_paris\" src=\"http:\/\/www.jeunes-urbanistes.fr\/img\/pdu\/20110617_paris\/ND3_7193.jpg\" alt=\"\" width=\"408\" height=\"600\" \/><\/em><\/p>\n<p style=\"text-align: center;\"><em><img loading=\"lazy\" decoding=\"async\" class=\"aligncenter\" title=\"\/img\/pdu\/20110617_paris\" src=\"http:\/\/www.jeunes-urbanistes.fr\/img\/pdu\/20110617_paris\/ND3_7201.jpg\" alt=\"\" width=\"600\" height=\"408\" \/><\/em><\/p>\n<p style=\"text-align: center;\"><em><img loading=\"lazy\" decoding=\"async\" class=\"aligncenter\" title=\"\/img\/pdu\/20110617_paris\" src=\"http:\/\/www.jeunes-urbanistes.fr\/img\/pdu\/20110617_paris\/ND3_7204.jpg\" alt=\"\" width=\"408\" height=\"600\" \/><\/em><\/p>\n<p style=\"text-align: center;\"><em><img loading=\"lazy\" decoding=\"async\" class=\"aligncenter\" title=\"\/img\/pdu\/20110617_paris\" src=\"http:\/\/www.jeunes-urbanistes.fr\/img\/pdu\/20110617_paris\/ND3_7205.jpg\" alt=\"\" width=\"600\" height=\"408\" \/><\/em><\/p>\n<p style=\"text-align: center;\"><em><img loading=\"lazy\" decoding=\"async\" class=\"aligncenter\" title=\"\/img\/pdu\/20110617_paris\" src=\"http:\/\/www.jeunes-urbanistes.fr\/img\/pdu\/20110617_paris\/ND3_7207.jpg\" alt=\"\" width=\"600\" height=\"408\" \/><\/em><\/p>\n<p style=\"text-align: center;\"><em><img loading=\"lazy\" decoding=\"async\" class=\"aligncenter\" title=\"\/img\/pdu\/20110617_paris\" src=\"http:\/\/www.jeunes-urbanistes.fr\/img\/pdu\/20110617_paris\/ND3_7214.jpg\" alt=\"\" width=\"600\" height=\"408\" \/><\/em><\/p>\n<p style=\"text-align: center;\"><em><img loading=\"lazy\" decoding=\"async\" class=\"aligncenter\" title=\"\/img\/pdu\/20110617_paris\" src=\"http:\/\/www.jeunes-urbanistes.fr\/img\/pdu\/20110617_paris\/ND3_7217.jpg\" alt=\"\" width=\"600\" height=\"408\" \/><\/em><\/p>\n<p style=\"text-align: center;\"><em><img loading=\"lazy\" decoding=\"async\" class=\"aligncenter\" title=\"\/img\/pdu\/20110617_paris\" src=\"http:\/\/www.jeunes-urbanistes.fr\/img\/pdu\/20110617_paris\/ND3_7226.jpg\" alt=\"\" width=\"600\" height=\"408\" \/><\/em><\/p>\n<p style=\"text-align: center;\"><em><img loading=\"lazy\" decoding=\"async\" class=\"aligncenter\" title=\"\/img\/pdu\/20110617_paris\" src=\"http:\/\/www.jeunes-urbanistes.fr\/img\/pdu\/20110617_paris\/ND3_7227.jpg\" alt=\"\" width=\"408\" height=\"600\" \/><\/em><\/p>\n<p style=\"text-align: center;\"><em><img loading=\"lazy\" decoding=\"async\" class=\"aligncenter\" title=\"\/img\/pdu\/20110617_paris\" src=\"http:\/\/www.jeunes-urbanistes.fr\/img\/pdu\/20110617_paris\/ND3_7232.jpg\" alt=\"\" width=\"600\" height=\"408\" \/><\/em><\/p>\n<p style=\"text-align: center;\"><em><img loading=\"lazy\" decoding=\"async\" class=\"aligncenter\" title=\"\/img\/pdu\/20110617_paris\" src=\"http:\/\/www.jeunes-urbanistes.fr\/img\/pdu\/20110617_paris\/ND3_7235.jpg\" alt=\"\" width=\"600\" height=\"408\" \/><\/em><\/p>\n<p style=\"text-align: center;\"><em><img loading=\"lazy\" decoding=\"async\" class=\"aligncenter\" title=\"\/img\/pdu\/20110617_paris\" src=\"http:\/\/www.jeunes-urbanistes.fr\/img\/pdu\/20110617_paris\/ND3_7243.jpg\" alt=\"\" width=\"600\" height=\"408\" \/><\/em><\/p>\n<p style=\"text-align: center;\"><em><img loading=\"lazy\" decoding=\"async\" class=\"aligncenter\" title=\"\/img\/pdu\/20110617_paris\" src=\"http:\/\/www.jeunes-urbanistes.fr\/img\/pdu\/20110617_paris\/ND3_7265.jpg\" alt=\"\" width=\"600\" height=\"408\" \/><\/em><\/p>\n<p style=\"text-align: center;\"><em><img loading=\"lazy\" decoding=\"async\" class=\"aligncenter\" title=\"\/img\/pdu\/20110617_paris\" src=\"http:\/\/www.jeunes-urbanistes.fr\/img\/pdu\/20110617_paris\/ND3_7270.jpg\" alt=\"\" width=\"600\" height=\"408\" \/><\/em><\/p>\n<p style=\"text-align: center;\"><em><img loading=\"lazy\" decoding=\"async\" class=\"aligncenter\" title=\"\/img\/pdu\/20110617_paris\" src=\"http:\/\/www.jeunes-urbanistes.fr\/img\/pdu\/20110617_paris\/ND3_7274.jpg\" alt=\"\" width=\"600\" height=\"408\" \/><\/em><\/p>\n<p style=\"text-align: center;\"><em><img loading=\"lazy\" decoding=\"async\" class=\"aligncenter\" title=\"\/img\/pdu\/20110617_paris\" src=\"http:\/\/www.jeunes-urbanistes.fr\/img\/pdu\/20110617_paris\/ND3_7275.jpg\" alt=\"\" width=\"600\" height=\"408\" \/><\/em><\/p>\n<p style=\"text-align: center;\"><em><img loading=\"lazy\" decoding=\"async\" class=\"aligncenter\" title=\"\/img\/pdu\/20110617_paris\" src=\"http:\/\/www.jeunes-urbanistes.fr\/img\/pdu\/20110617_paris\/ND3_7282.jpg\" alt=\"\" width=\"600\" height=\"408\" \/><\/em><\/p>\n<p style=\"text-align: center;\"><em><img loading=\"lazy\" decoding=\"async\" class=\"aligncenter\" title=\"\/img\/pdu\/20110617_paris\" src=\"http:\/\/www.jeunes-urbanistes.fr\/img\/pdu\/20110617_paris\/ND3_7303.jpg\" alt=\"\" width=\"408\" height=\"600\" \/><\/em><\/p>\n<p style=\"text-align: center;\"><em><img loading=\"lazy\" decoding=\"async\" class=\"aligncenter\" title=\"\/img\/pdu\/20110617_paris\" src=\"http:\/\/www.jeunes-urbanistes.fr\/img\/pdu\/20110617_paris\/ND3_7304.jpg\" alt=\"\" width=\"408\" height=\"600\" \/><\/em><\/p>\n<p style=\"text-align: center;\"><em><img loading=\"lazy\" decoding=\"async\" class=\"aligncenter\" title=\"\/img\/pdu\/20110617_paris\" src=\"http:\/\/www.jeunes-urbanistes.fr\/img\/pdu\/20110617_paris\/ND3_7317.jpg\" alt=\"\" width=\"600\" height=\"408\" \/><\/em><\/p>\n<p style=\"text-align: center;\"><em><img loading=\"lazy\" decoding=\"async\" class=\"aligncenter\" title=\"\/img\/pdu\/20110617_paris\" src=\"http:\/\/www.jeunes-urbanistes.fr\/img\/pdu\/20110617_paris\/ND3_7357.jpg\" alt=\"\" width=\"408\" height=\"600\" \/><\/em><\/p>\n<p style=\"text-align: center;\"><em><img loading=\"lazy\" decoding=\"async\" class=\"aligncenter\" title=\"\/img\/pdu\/20110617_paris\" src=\"http:\/\/www.jeunes-urbanistes.fr\/img\/pdu\/20110617_paris\/ND3_7377.jpg\" alt=\"\" width=\"408\" height=\"600\" \/><\/em><\/p>\n<p style=\"text-align: center;\"><em><img loading=\"lazy\" decoding=\"async\" class=\"aligncenter\" title=\"\/img\/pdu\/20110617_paris\" src=\"http:\/\/www.jeunes-urbanistes.fr\/img\/pdu\/20110617_paris\/ND3_7386.jpg\" alt=\"\" width=\"600\" height=\"408\" \/><\/em><\/p>\n<p style=\"text-align: center;\"><em><img loading=\"lazy\" decoding=\"async\" class=\"aligncenter\" title=\"\/img\/pdu\/20110617_paris\" src=\"http:\/\/www.jeunes-urbanistes.fr\/img\/pdu\/20110617_paris\/ND3_7388.jpg\" alt=\"\" width=\"408\" height=\"600\" \/><\/em><\/p>\n","protected":false},"excerpt":{"rendered":"<p>Le vendredi 17 juin 2011, \u00e9tait organis\u00e9e par le CNJU, avec l&rsquo;appui de six de ses associations membres (InSITU, Magistram, SciencesPo Urba, Urbam&rsquo;s, Urba+ et&#8230;<\/p>\n","protected":false},"author":2,"featured_media":0,"comment_status":"open","ping_status":"open","sticky":false,"template":"","format":"standard","meta":{"jetpack_post_was_ever_published":false,"_jetpack_newsletter_access":"","_jetpack_dont_email_post_to_subs":false,"_jetpack_newsletter_tier_id":0,"footnotes":"","jetpack_publicize_message":"","jetpack_publicize_feature_enabled":true,"jetpack_social_post_already_shared":false,"jetpack_social_options":{"image_generator_settings":{"template":"highway","enabled":false}}},"categories":[9],"tags":[45],"jetpack_publicize_connections":[],"jetpack_featured_media_url":"","jetpack_sharing_enabled":true,"_links":{"self":[{"href":"http:\/\/www.jeunes-urbanistes.fr\/index.php?rest_route=\/wp\/v2\/posts\/463"}],"collection":[{"href":"http:\/\/www.jeunes-urbanistes.fr\/index.php?rest_route=\/wp\/v2\/posts"}],"about":[{"href":"http:\/\/www.jeunes-urbanistes.fr\/index.php?rest_route=\/wp\/v2\/types\/post"}],"author":[{"embeddable":true,"href":"http:\/\/www.jeunes-urbanistes.fr\/index.php?rest_route=\/wp\/v2\/users\/2"}],"replies":[{"embeddable":true,"href":"http:\/\/www.jeunes-urbanistes.fr\/index.php?rest_route=%2Fwp%2Fv2%2Fcomments&post=463"}],"version-history":[{"count":20,"href":"http:\/\/www.jeunes-urbanistes.fr\/index.php?rest_route=\/wp\/v2\/posts\/463\/revisions"}],"predecessor-version":[{"id":3626,"href":"http:\/\/www.jeunes-urbanistes.fr\/index.php?rest_route=\/wp\/v2\/posts\/463\/revisions\/3626"}],"wp:attachment":[{"href":"http:\/\/www.jeunes-urbanistes.fr\/index.php?rest_route=%2Fwp%2Fv2%2Fmedia&parent=463"}],"wp:term":[{"taxonomy":"category","embeddable":true,"href":"http:\/\/www.jeunes-urbanistes.fr\/index.php?rest_route=%2Fwp%2Fv2%2Fcategories&post=463"},{"taxonomy":"post_tag","embeddable":true,"href":"http:\/\/www.jeunes-urbanistes.fr\/index.php?rest_route=%2Fwp%2Fv2%2Ftags&post=463"}],"curies":[{"name":"wp","href":"https:\/\/api.w.org\/{rel}","templated":true}]}}