{"id":600,"date":"2011-10-25T09:45:26","date_gmt":"2011-10-25T09:45:26","guid":{"rendered":"http:\/\/www.jeunes-urbanistes.fr\/?p=600"},"modified":"2017-11-10T18:55:19","modified_gmt":"2017-11-10T16:55:19","slug":"non-le-concours-d%e2%80%99ingenieur-territorial-n%e2%80%99est-pas-encore-rouvert-aux-urbanistes","status":"publish","type":"post","link":"http:\/\/www.jeunes-urbanistes.fr\/?p=600","title":{"rendered":"Non, le concours d\u2019ing\u00e9nieur territorial n\u2019est pas rouvert aux urbanistes"},"content":{"rendered":"<p><span style=\"font-family: Arial,Helvetica,sans-serif; font-size: medium;\">Une <a href=\"http:\/\/www.urbanews.fr\/2011\/10\/22\/16363-le-concours-dingenieur-territorial-en-chef-souvre-aux-urbanistes-2\/\" onclick=\"__gaTracker('send', 'event', 'outbound-article', 'http:\/\/www.urbanews.fr\/2011\/10\/22\/16363-le-concours-dingenieur-territorial-en-chef-souvre-aux-urbanistes-2\/', 'information erron\u00e9e ');\" target=\"_blank\"><strong>information erron\u00e9e <\/strong><\/a>a \u00e9t\u00e9 propag\u00e9e suite \u00e0 une <strong>mauvaise interpr\u00e9tation d&rsquo;une d\u00e9cision du Conseil d\u2019\u00c9tat dat\u00e9e du 13 juillet 2011<\/strong>. L\u2019acc\u00e8s au concours d\u2019ing\u00e9nieur territorial serait rouvert aux dipl\u00f4m\u00e9s des formations sp\u00e9cialis\u00e9es en urbanisme. Malheureusement, il n\u2019en n\u2019est rien.<\/span><\/p>\n<p><span style=\"font-family: Arial,Helvetica,sans-serif; font-size: medium;\"><strong>La d\u00e9cision du Conseil d\u2019\u00c9tat<\/strong>, qui concerne les concours d\u2019ing\u00e9nieur territorial en chef, <strong>ne fait que pointer une erreur commise par la Commission d\u2019\u00e9quivalence des dipl\u00f4mes (CED) dans la r\u00e9daction de sa d\u00e9cision<\/strong>.<\/span><\/p>\n<p><span style=\"font-family: Arial,Helvetica,sans-serif; font-size: medium;\">Pour s\u2019en convaincre, nous vous proposons de relire attentivement le paragraphe suivant, extrait de la d\u00e9cision du Conseil d\u2019Etat, et particuli\u00e8rement les parties en gras :<\/span><\/p>\n<blockquote><p><span style=\"font-family: Arial,Helvetica,sans-serif; font-size: medium;\">\u00ab Consid\u00e9rant [&#8230;] que la commission a rejet\u00e9 sa demande au motif que le dipl\u00f4me pr\u00e9sent\u00e9 ne pouvait \u00eatre reconnu comme \u00e9tant de niveau \u00e9quivalent au dipl\u00f4me de docteur ing\u00e9nieur (dans la sp\u00e9cialit\u00e9 urbanisme) ou au doctorat d&rsquo;urbaniste requis pour l&rsquo;acc\u00e8s au concours en question ; <strong>qu&rsquo;en se bornant ainsi \u00e0 comparer le dipl\u00f4me pr\u00e9sent\u00e9 par M. A \u00e0 deux seulement des dipl\u00f4mes de la liste de l&rsquo;annexe I, sp\u00e9cialis\u00e9s en urbanisme<\/strong>, au motif que M. A se pr\u00e9valait d&rsquo;un dipl\u00f4me en am\u00e9nagement urbanisme, alors qu&rsquo;il r\u00e9sulte des dispositions combin\u00e9es du d\u00e9cret du 9 f\u00e9vrier 1990 portant statut particulier du cadre d&#8217;emplois des ing\u00e9nieurs territoriaux et des articles 4, 7 et 8 du d\u00e9cret du 8 ao\u00fbt 1990 que le concours externe de recrutement des ing\u00e9nieurs en chef territoriaux ne comprend aucune sp\u00e9cialit\u00e9, ne comporte que des \u00e9preuves de nature g\u00e9n\u00e9rale, et donne acc\u00e8s au grade d&rsquo;ing\u00e9nieur en chef du cadre d&#8217;emploi des ing\u00e9nieurs territoriaux qui donne vocation \u00e0 occuper des emplois sans cantonnement \u00e0 une quelconque sp\u00e9cialit\u00e9, la commission d&rsquo;\u00e9quivalence, <strong>\u00e0 qui il appartenait de proc\u00e9der \u00e0 une comparaison du dipl\u00f4me de M. A avec tous les dipl\u00f4mes de la liste de l&rsquo;annexe I, a commis une erreur de droit<\/strong> ; \u00bb<\/span><\/p><\/blockquote>\n<p><span style=\"font-family: Arial,Helvetica,sans-serif; font-size: medium;\">L\u2019annexe I cit\u00e9e, li\u00e9e au d\u00e9cret n\u00b090-722 du 8 ao\u00fbt 1990, pr\u00e9cise la liste des dipl\u00f4mes donnant acc\u00e8s aux concours pour le recrutement des ing\u00e9nieurs territoriaux en chef <em>(1)(2)<\/em>. Elle est suffisamment bien r\u00e9dig\u00e9e pour exclure, h\u00e9las, les formations d\u00e9livr\u00e9es par les formations sup\u00e9rieures en urbanisme de niveau master.<\/span><\/p>\n<p><span style=\"font-family: Arial,Helvetica,sans-serif; font-size: medium;\"><strong>La commission d\u2019\u00e9quivalence des dipl\u00f4mes aurait d\u00fb statuer sur l&rsquo;int\u00e9gralit\u00e9 de cette annexe<\/strong>, ce qu&rsquo;elle n&rsquo;a pas fait dans l&rsquo;acte de d\u00e9cision : une erreur de forme, et non pas une erreur sur le fond. La d\u00e9cision du Conseil d\u2019\u00c9tat suite au recours de Miguel A. n\u2019est donc pas susceptible de changer les conditions d\u2019acc\u00e8s des urbanistes \u00e0 la fonction publique territoriale.<\/span><\/p>\n<p>&nbsp;<\/p>\n<p><em><span style=\"font-family: Arial,Helvetica,sans-serif; font-size: medium;\">(1) Le grade d&rsquo;ing\u00e9nieur territorial en chef \u00e9tait \u00e0 l&rsquo;\u00e9poque intitul\u00e9 \u00ab\u00a0ing\u00e9nieur territorial\u00a0\u00bb, l&rsquo;actuel grade d&rsquo;ing\u00e9nieur territorial correspondant \u00e0 ce qui \u00e9tait alors intitul\u00e9 ing\u00e9nieur subdivisionnaire.<\/span><\/em><\/p>\n<p><em><span style=\"font-family: Arial,Helvetica,sans-serif; font-size: medium;\">(2) Les dipl\u00f4mes inclus dans l&rsquo;annexe I :<\/span><\/em><\/p>\n<ul>\n<li><em><span style=\"font-family: Arial,Helvetica,sans-serif; font-size: medium;\">Dipl\u00f4mes d&rsquo;ing\u00e9nieur d\u00e9livr\u00e9s par les \u00e9tablissements suivants : \u00c9cole centrale des arts et manufactures ; \u00c9cole centrale de Lyon ; \u00c9cole nationale du g\u00e9nie rural, des eaux et des for\u00eats (avant 1995 : \u00c9cole nationale du g\u00e9nie rural ; \u00c9cole nationale des eaux et des for\u00eats) ; \u00c9cole nationale des ponts et chauss\u00e9es ; \u00c9cole nationale sup\u00e9rieure de l&rsquo;a\u00e9ronautique et de l&rsquo;espace ; \u00c9cole nationale sup\u00e9rieure de la m\u00e9tallurgie et de l&rsquo;industrie des mines de Nancy ; \u00c9cole nationale sup\u00e9rieure des mines de Paris ; \u00c9cole nationale sup\u00e9rieure des mines de Saint-\u00c9tienne ; \u00c9cole nationale sup\u00e9rieure de techniques avanc\u00e9es ; T\u00e9l\u00e9com ParisTech ; \u00c9cole polytechnique ; \u00c9cole sup\u00e9rieure d&rsquo;\u00e9lectricit\u00e9 ; \u00c9cole nationale des travaux publics de l\u2019\u00c9tat ; Institut national agronomique de Paris-Grignon ; \u00c9cole nationale sup\u00e9rieure des sciences agronomiques appliqu\u00e9es ;<br \/>\n<\/span><\/em><\/li>\n<li><em><span style=\"font-family: Arial,Helvetica,sans-serif; font-size: medium;\">Dipl\u00f4me de docteur ing\u00e9nieur obtenu apr\u00e8s une scolarit\u00e9 dans une \u00e9cole d&rsquo;ing\u00e9nieurs et d\u00e9livr\u00e9 dans une sp\u00e9cialit\u00e9 relevant d&rsquo;un des domaines suivants : \u00e9nergie, urbanisme, \u00e9quipements, services publics, logement, transports, informatique, topographie, environnement, t\u00e9l\u00e9communications, agronomie ou patrimoine ;<\/span><\/em><\/li>\n<li><em><span style=\"font-family: Arial,Helvetica,sans-serif; font-size: medium;\">Dipl\u00f4me d&rsquo;architecte reconnu par l\u2019\u00c9tat et, ou un dipl\u00f4me d&rsquo;ing\u00e9nieur, ou un autre dipl\u00f4me \u00e0 caract\u00e8re technique national reconnu ou vis\u00e9 par l\u2019\u00c9tat et soit homologu\u00e9 au niveau I-II suivant la proc\u00e9dure d\u00e9finie par le d\u00e9cret n\u00b072-279 du 12 avril 1972 relatif \u00e0 l&rsquo;homologation des titres et dipl\u00f4mes de l&rsquo;enseignement technologique soit appartenant \u00e0 la liste des dipl\u00f4mes de troisi\u00e8me cycle obtenus dans une sp\u00e9cialit\u00e9 mentionn\u00e9e en annexe II.<br \/>\n<\/span><\/em><\/li>\n<li><em><span style=\"font-family: Arial,Helvetica,sans-serif; font-size: medium;\">Doctorat d&rsquo;urbaniste .<\/span><\/em><\/li>\n<\/ul>\n","protected":false},"excerpt":{"rendered":"<p>Une information erron\u00e9e a \u00e9t\u00e9 propag\u00e9e suite \u00e0 une mauvaise interpr\u00e9tation d&rsquo;une d\u00e9cision du Conseil d\u2019\u00c9tat dat\u00e9e du 13 juillet 2011. L\u2019acc\u00e8s au concours d\u2019ing\u00e9nieur&#8230;<\/p>\n","protected":false},"author":1,"featured_media":1212,"comment_status":"open","ping_status":"open","sticky":false,"template":"","format":"standard","meta":{"jetpack_post_was_ever_published":false,"_jetpack_newsletter_access":"","_jetpack_dont_email_post_to_subs":false,"_jetpack_newsletter_tier_id":0,"footnotes":"","jetpack_publicize_message":"","jetpack_publicize_feature_enabled":true,"jetpack_social_post_already_shared":false,"jetpack_social_options":{"image_generator_settings":{"template":"highway","enabled":false}}},"categories":[19,1],"tags":[26],"jetpack_publicize_connections":[],"jetpack_featured_media_url":"http:\/\/www.jeunes-urbanistes.fr\/wp-content\/uploads\/2011\/10\/post_004.jpg","jetpack_sharing_enabled":true,"_links":{"self":[{"href":"http:\/\/www.jeunes-urbanistes.fr\/index.php?rest_route=\/wp\/v2\/posts\/600"}],"collection":[{"href":"http:\/\/www.jeunes-urbanistes.fr\/index.php?rest_route=\/wp\/v2\/posts"}],"about":[{"href":"http:\/\/www.jeunes-urbanistes.fr\/index.php?rest_route=\/wp\/v2\/types\/post"}],"author":[{"embeddable":true,"href":"http:\/\/www.jeunes-urbanistes.fr\/index.php?rest_route=\/wp\/v2\/users\/1"}],"replies":[{"embeddable":true,"href":"http:\/\/www.jeunes-urbanistes.fr\/index.php?rest_route=%2Fwp%2Fv2%2Fcomments&post=600"}],"version-history":[{"count":14,"href":"http:\/\/www.jeunes-urbanistes.fr\/index.php?rest_route=\/wp\/v2\/posts\/600\/revisions"}],"predecessor-version":[{"id":3619,"href":"http:\/\/www.jeunes-urbanistes.fr\/index.php?rest_route=\/wp\/v2\/posts\/600\/revisions\/3619"}],"wp:featuredmedia":[{"embeddable":true,"href":"http:\/\/www.jeunes-urbanistes.fr\/index.php?rest_route=\/wp\/v2\/media\/1212"}],"wp:attachment":[{"href":"http:\/\/www.jeunes-urbanistes.fr\/index.php?rest_route=%2Fwp%2Fv2%2Fmedia&parent=600"}],"wp:term":[{"taxonomy":"category","embeddable":true,"href":"http:\/\/www.jeunes-urbanistes.fr\/index.php?rest_route=%2Fwp%2Fv2%2Fcategories&post=600"},{"taxonomy":"post_tag","embeddable":true,"href":"http:\/\/www.jeunes-urbanistes.fr\/index.php?rest_route=%2Fwp%2Fv2%2Ftags&post=600"}],"curies":[{"name":"wp","href":"https:\/\/api.w.org\/{rel}","templated":true}]}}